{"provider_url": "https://tmp.pequeri.mg.leg.br", "title": "Sess\u00f5es Plen\u00e1rias", "html": "<p style=\"text-align: justify; \">Foro apropriado para a tomada de decis\u00f5es sobre os projetos de lei e outras mat\u00e9rias legislativas\u00a0ou\u00a0administrativas,\u00a0 aprovadas ou rejeitadas em vota\u00e7\u00e3o pelos parlamentares.</p>\r\n<p style=\"text-align: justify; \">\u00c9 dirigida pela Mesa\u00a0Diretora\u00a0de acordo com o Regimento Interno da Casa e as<span>\u00a0decis\u00f5es votadas em Plen\u00e1rio s\u00e3o soberanas e\u00a0prevalecem\u00a0sobre interesses ou vontades individuais.</span></p>\r\n<p style=\"text-align: justify; \"><span>Clique abaixo e acesse as informa\u00e7\u00f5es das Sess\u00f5es Plen\u00e1rias realizadas pela C\u00e2mara Municipal de Pequeri:</span></p>\r\n<p style=\"text-align: justify; \"><a class=\"external-link\" href=\"https://sapl.pequeri.mg.leg.br/sessao/pesquisar-sessao\" target=\"_blank\" title=\"\"><img src=\"https://tmp.pequeri.mg.leg.br/imagens/SESSESPLENRIAS.png\" alt=\"\" class=\"image-inline\" title=\"\" /></a></p>", "author_name": "", "version": "1.0", "author_url": "https://tmp.pequeri.mg.leg.br/author/adm", "provider_name": "C\u00e2mara Municipal de Pequeri", "type": "rich"}